{"id":5578,"date":"2026-01-14T00:00:26","date_gmt":"2026-01-13T23:00:26","guid":{"rendered":"https:\/\/gs-gra.de\/grundschule-haus\/?p=5578"},"modified":"2026-01-15T13:16:36","modified_gmt":"2026-01-15T12:16:36","slug":"geschenk-fuer-erstklaessler-copy-copy-4-copy-copy-copy","status":"publish","type":"post","link":"https:\/\/gs-gra.de\/grundschule-haus\/geschenk-fuer-erstklaessler-copy-copy-4-copy-copy-copy\/","title":{"rendered":"Im Zentrum der Macht"},"content":{"rendered":"\t\t<div data-elementor-type=\"wp-post\" data-elementor-id=\"5578\" class=\"elementor elementor-5578\" data-elementor-settings=\"{&quot;ha_cmc_init_switcher&quot;:&quot;no&quot;}\" data-elementor-post-type=\"post\">\n\t\t\t\t\t\t<section class=\"elementor-section elementor-top-section elementor-element elementor-element-976eb87 elementor-section-boxed elementor-section-height-default elementor-section-height-default\" data-id=\"976eb87\" data-element_type=\"section\" data-e-type=\"section\" data-settings=\"{&quot;_ha_eqh_enable&quot;:false}\">\n\t\t\t\t\t\t<div class=\"elementor-container elementor-column-gap-default\">\n\t\t\t\t\t<div class=\"elementor-column elementor-col-100 elementor-top-column elementor-element elementor-element-6a3d490\" data-id=\"6a3d490\" data-element_type=\"column\" data-e-type=\"column\">\n\t\t\t<div class=\"elementor-widget-wrap elementor-element-populated\">\n\t\t\t\t\t\t<div class=\"elementor-element elementor-element-5b36cdb elementor-widget elementor-widget-heading\" data-id=\"5b36cdb\" data-element_type=\"widget\" data-e-type=\"widget\" data-widget_type=\"heading.default\">\n\t\t\t\t<div class=\"elementor-widget-container\">\n\t\t\t\t\t<h1 class=\"elementor-heading-title elementor-size-default\">Im Zentrum der Macht<\/h1>\t\t\t\t<\/div>\n\t\t\t\t<\/div>\n\t\t\t\t\t<\/div>\n\t\t<\/div>\n\t\t\t\t\t<\/div>\n\t\t<\/section>\n\t\t\t\t<section class=\"elementor-section elementor-top-section elementor-element elementor-element-4af1667 elementor-section-boxed elementor-section-height-default elementor-section-height-default\" data-id=\"4af1667\" data-element_type=\"section\" data-e-type=\"section\" data-settings=\"{&quot;_ha_eqh_enable&quot;:false}\">\n\t\t\t\t\t\t<div class=\"elementor-container elementor-column-gap-default\">\n\t\t\t\t\t<div class=\"elementor-column elementor-col-100 elementor-top-column elementor-element elementor-element-8564f3a\" data-id=\"8564f3a\" data-element_type=\"column\" data-e-type=\"column\">\n\t\t\t<div class=\"elementor-widget-wrap elementor-element-populated\">\n\t\t\t\t\t\t<div class=\"elementor-element elementor-element-db75e33 elementor-widget elementor-widget-spacer\" data-id=\"db75e33\" data-element_type=\"widget\" data-e-type=\"widget\" data-widget_type=\"spacer.default\">\n\t\t\t\t<div class=\"elementor-widget-container\">\n\t\t\t\t\t\t\t<div class=\"elementor-spacer\">\n\t\t\t<div class=\"elementor-spacer-inner\"><\/div>\n\t\t<\/div>\n\t\t\t\t\t\t<\/div>\n\t\t\t\t<\/div>\n\t\t\t\t<section class=\"elementor-section elementor-inner-section elementor-element elementor-element-d9d5bf9 elementor-section-boxed elementor-section-height-default elementor-section-height-default\" data-id=\"d9d5bf9\" data-element_type=\"section\" data-e-type=\"section\" data-settings=\"{&quot;_ha_eqh_enable&quot;:false}\">\n\t\t\t\t\t\t<div class=\"elementor-container elementor-column-gap-default\">\n\t\t\t\t\t<div class=\"elementor-column elementor-col-50 elementor-inner-column elementor-element elementor-element-6598825\" data-id=\"6598825\" data-element_type=\"column\" data-e-type=\"column\">\n\t\t\t<div class=\"elementor-widget-wrap elementor-element-populated\">\n\t\t\t\t\t\t<div class=\"elementor-element elementor-element-72d17da elementor-widget elementor-widget-text-editor\" data-id=\"72d17da\" data-element_type=\"widget\" data-e-type=\"widget\" data-widget_type=\"text-editor.default\">\n\t\t\t\t<div class=\"elementor-widget-container\">\n\t\t\t\t\t\t\t\t\t<p>Die 4. Klasse war im Rahmen des HSU-Unterrichts zu Besuch im Rathaus Grafenau und lernte sehr viel Interessantes \u00fcber die vertretenen \u00c4mter und ihre Heimatstadt Grafenau.<\/p><p>B\u00fcrgermeister Alexander Mayer nahm sich rund zwei Stunden f\u00fcr die Kinder Zeit und beantwortete neugierige Fragen gerne.\u00a0<\/p>\t\t\t\t\t\t\t\t<\/div>\n\t\t\t\t<\/div>\n\t\t\t\t\t<\/div>\n\t\t<\/div>\n\t\t\t\t<div class=\"elementor-column elementor-col-50 elementor-inner-column elementor-element elementor-element-799ed18\" data-id=\"799ed18\" data-element_type=\"column\" data-e-type=\"column\">\n\t\t\t<div class=\"elementor-widget-wrap elementor-element-populated\">\n\t\t\t\t\t\t<div class=\"elementor-element elementor-element-aa30592 elementor-widget elementor-widget-image\" data-id=\"aa30592\" data-element_type=\"widget\" data-e-type=\"widget\" data-widget_type=\"image.default\">\n\t\t\t\t<div class=\"elementor-widget-container\">\n\t\t\t\t\t\t\t\t\t\t\t\t\t\t\t<img fetchpriority=\"high\" decoding=\"async\" width=\"768\" height=\"432\" src=\"https:\/\/gs-gra.de\/grundschule-haus\/wp-content\/uploads\/2026\/01\/WhatsApp-Image-2026-01-14-at-10.20.39-2-768x432.jpeg\" class=\"attachment-medium_large size-medium_large wp-image-5581\" alt=\"\" srcset=\"https:\/\/gs-gra.de\/grundschule-haus\/wp-content\/uploads\/2026\/01\/WhatsApp-Image-2026-01-14-at-10.20.39-2-768x432.jpeg 768w, https:\/\/gs-gra.de\/grundschule-haus\/wp-content\/uploads\/2026\/01\/WhatsApp-Image-2026-01-14-at-10.20.39-2-300x169.jpeg 300w, https:\/\/gs-gra.de\/grundschule-haus\/wp-content\/uploads\/2026\/01\/WhatsApp-Image-2026-01-14-at-10.20.39-2-1024x576.jpeg 1024w, https:\/\/gs-gra.de\/grundschule-haus\/wp-content\/uploads\/2026\/01\/WhatsApp-Image-2026-01-14-at-10.20.39-2-1536x864.jpeg 1536w, https:\/\/gs-gra.de\/grundschule-haus\/wp-content\/uploads\/2026\/01\/WhatsApp-Image-2026-01-14-at-10.20.39-2.jpeg 1600w\" sizes=\"(max-width: 768px) 100vw, 768px\" \/>\t\t\t\t\t\t\t\t\t\t\t\t\t\t\t<\/div>\n\t\t\t\t<\/div>\n\t\t\t\t\t<\/div>\n\t\t<\/div>\n\t\t\t\t\t<\/div>\n\t\t<\/section>\n\t\t\t\t\t<\/div>\n\t\t<\/div>\n\t\t\t\t\t<\/div>\n\t\t<\/section>\n\t\t\t\t<section class=\"elementor-section elementor-top-section elementor-element elementor-element-6f6b3ba elementor-section-boxed elementor-section-height-default elementor-section-height-default\" data-id=\"6f6b3ba\" data-element_type=\"section\" data-e-type=\"section\" data-settings=\"{&quot;_ha_eqh_enable&quot;:false}\">\n\t\t\t\t\t\t<div class=\"elementor-container elementor-column-gap-default\">\n\t\t\t\t\t<div class=\"elementor-column elementor-col-100 elementor-top-column elementor-element elementor-element-1b22d74\" data-id=\"1b22d74\" data-element_type=\"column\" data-e-type=\"column\">\n\t\t\t<div class=\"elementor-widget-wrap elementor-element-populated\">\n\t\t\t\t\t\t<div class=\"elementor-element elementor-element-abd9c0a elementor-widget elementor-widget-gallery\" data-id=\"abd9c0a\" data-element_type=\"widget\" data-e-type=\"widget\" data-settings=\"{&quot;lazyload&quot;:&quot;yes&quot;,&quot;gallery_layout&quot;:&quot;grid&quot;,&quot;columns&quot;:4,&quot;columns_tablet&quot;:2,&quot;columns_mobile&quot;:1,&quot;gap&quot;:{&quot;unit&quot;:&quot;px&quot;,&quot;size&quot;:10,&quot;sizes&quot;:[]},&quot;gap_tablet&quot;:{&quot;unit&quot;:&quot;px&quot;,&quot;size&quot;:10,&quot;sizes&quot;:[]},&quot;gap_mobile&quot;:{&quot;unit&quot;:&quot;px&quot;,&quot;size&quot;:10,&quot;sizes&quot;:[]},&quot;link_to&quot;:&quot;file&quot;,&quot;aspect_ratio&quot;:&quot;3:2&quot;,&quot;overlay_background&quot;:&quot;yes&quot;,&quot;content_hover_animation&quot;:&quot;fade-in&quot;}\" data-widget_type=\"gallery.default\">\n\t\t\t\t<div class=\"elementor-widget-container\">\n\t\t\t\t\t\t\t<div class=\"elementor-gallery__container\">\n\t\t\t\t\t\t\t<a class=\"e-gallery-item elementor-gallery-item elementor-animated-content\" href=\"https:\/\/gs-gra.de\/grundschule-haus\/wp-content\/uploads\/2026\/01\/WhatsApp-Image-2026-01-15-at-12.57.42.jpeg\" data-elementor-open-lightbox=\"yes\" data-elementor-lightbox-slideshow=\"abd9c0a\" data-elementor-lightbox-title=\"WhatsApp Image 2026-01-15 at 12.57.42\" data-e-action-hash=\"#elementor-action%3Aaction%3Dlightbox%26settings%3DeyJpZCI6NTU4NCwidXJsIjoiaHR0cHM6XC9cL2dzLWdyYS5kZVwvZ3J1bmRzY2h1bGUtaGF1c1wvd3AtY29udGVudFwvdXBsb2Fkc1wvMjAyNlwvMDFcL1doYXRzQXBwLUltYWdlLTIwMjYtMDEtMTUtYXQtMTIuNTcuNDIuanBlZyIsInNsaWRlc2hvdyI6ImFiZDljMGEifQ%3D%3D\">\n\t\t\t\t\t<div class=\"e-gallery-image elementor-gallery-item__image\" data-thumbnail=\"https:\/\/gs-gra.de\/grundschule-haus\/wp-content\/uploads\/2026\/01\/WhatsApp-Image-2026-01-15-at-12.57.42-300x225.jpeg\" data-width=\"300\" data-height=\"225\" aria-label=\"\" role=\"img\" ><\/div>\n\t\t\t\t\t\t\t\t\t\t\t<div class=\"elementor-gallery-item__overlay\"><\/div>\n\t\t\t\t\t\t\t\t\t\t\t\t\t\t<\/a>\n\t\t\t\t\t\t\t<a class=\"e-gallery-item elementor-gallery-item elementor-animated-content\" href=\"https:\/\/gs-gra.de\/grundschule-haus\/wp-content\/uploads\/2026\/01\/WhatsApp-Image-2026-01-15-at-12.57.27.jpeg\" data-elementor-open-lightbox=\"yes\" data-elementor-lightbox-slideshow=\"abd9c0a\" data-elementor-lightbox-title=\"WhatsApp Image 2026-01-15 at 12.57.27\" data-e-action-hash=\"#elementor-action%3Aaction%3Dlightbox%26settings%3DeyJpZCI6NTU4MywidXJsIjoiaHR0cHM6XC9cL2dzLWdyYS5kZVwvZ3J1bmRzY2h1bGUtaGF1c1wvd3AtY29udGVudFwvdXBsb2Fkc1wvMjAyNlwvMDFcL1doYXRzQXBwLUltYWdlLTIwMjYtMDEtMTUtYXQtMTIuNTcuMjcuanBlZyIsInNsaWRlc2hvdyI6ImFiZDljMGEifQ%3D%3D\">\n\t\t\t\t\t<div class=\"e-gallery-image elementor-gallery-item__image\" data-thumbnail=\"https:\/\/gs-gra.de\/grundschule-haus\/wp-content\/uploads\/2026\/01\/WhatsApp-Image-2026-01-15-at-12.57.27-300x225.jpeg\" data-width=\"300\" data-height=\"225\" aria-label=\"\" role=\"img\" ><\/div>\n\t\t\t\t\t\t\t\t\t\t\t<div class=\"elementor-gallery-item__overlay\"><\/div>\n\t\t\t\t\t\t\t\t\t\t\t\t\t\t<\/a>\n\t\t\t\t\t\t\t<a class=\"e-gallery-item elementor-gallery-item elementor-animated-content\" href=\"https:\/\/gs-gra.de\/grundschule-haus\/wp-content\/uploads\/2026\/01\/WhatsApp-Image-2026-01-14-at-10.20.38.jpeg\" data-elementor-open-lightbox=\"yes\" data-elementor-lightbox-slideshow=\"abd9c0a\" data-elementor-lightbox-title=\"WhatsApp Image 2026-01-14 at 10.20.38\" data-e-action-hash=\"#elementor-action%3Aaction%3Dlightbox%26settings%3DeyJpZCI6NTU3OSwidXJsIjoiaHR0cHM6XC9cL2dzLWdyYS5kZVwvZ3J1bmRzY2h1bGUtaGF1c1wvd3AtY29udGVudFwvdXBsb2Fkc1wvMjAyNlwvMDFcL1doYXRzQXBwLUltYWdlLTIwMjYtMDEtMTQtYXQtMTAuMjAuMzguanBlZyIsInNsaWRlc2hvdyI6ImFiZDljMGEifQ%3D%3D\">\n\t\t\t\t\t<div class=\"e-gallery-image elementor-gallery-item__image\" data-thumbnail=\"https:\/\/gs-gra.de\/grundschule-haus\/wp-content\/uploads\/2026\/01\/WhatsApp-Image-2026-01-14-at-10.20.38-300x169.jpeg\" data-width=\"300\" data-height=\"169\" aria-label=\"\" role=\"img\" ><\/div>\n\t\t\t\t\t\t\t\t\t\t\t<div class=\"elementor-gallery-item__overlay\"><\/div>\n\t\t\t\t\t\t\t\t\t\t\t\t\t\t<\/a>\n\t\t\t\t\t<\/div>\n\t\t\t\t\t<\/div>\n\t\t\t\t<\/div>\n\t\t\t\t\t<\/div>\n\t\t<\/div>\n\t\t\t\t\t<\/div>\n\t\t<\/section>\n\t\t\t\t<\/div>\n\t\t","protected":false},"excerpt":{"rendered":"<p>Im Zentrum der Macht Die 4. Klasse war im Rahmen des HSU-Unterrichts zu Besuch im Rathaus Grafenau und lernte sehr viel Interessantes \u00fcber die vertretenen \u00c4mter und ihre Heimatstadt Grafenau. B\u00fcrgermeister Alexander Mayer nahm sich rund zwei Stunden f\u00fcr die Kinder Zeit und beantwortete neugierige Fragen gerne.\u00a0<\/p>\n","protected":false},"author":2,"featured_media":5581,"comment_status":"closed","ping_status":"closed","sticky":false,"template":"elementor_header_footer","format":"standard","meta":{"site-sidebar-layout":"default","site-content-layout":"default","ast-site-content-layout":"default","site-content-style":"default","site-sidebar-style":"default","ast-global-header-display":"","ast-banner-title-visibility":"","ast-main-header-display":"","ast-hfb-above-header-display":"","ast-hfb-below-header-display":"","ast-hfb-mobile-header-display":"","site-post-title":"","ast-breadcrumbs-content":"","ast-featured-img":"","footer-sml-layout":"","ast-disable-related-posts":"","theme-transparent-header-meta":"default","adv-header-id-meta":"","stick-header-meta":"","header-above-stick-meta":"","header-main-stick-meta":"","header-below-stick-meta":"","astra-migrate-meta-layouts":"set","ast-page-background-enabled":"default","ast-page-background-meta":{"desktop":{"background-color":"var(--ast-global-color-4)","background-image":"","background-repeat":"repeat","background-position":"center center","background-size":"auto","background-attachment":"scroll","background-type":"","background-media":"","overlay-type":"","overlay-color":"","overlay-opacity":"","overlay-gradient":""},"tablet":{"background-color":"","background-image":"","background-repeat":"repeat","background-position":"center center","background-size":"auto","background-attachment":"scroll","background-type":"","background-media":"","overlay-type":"","overlay-color":"","overlay-opacity":"","overlay-gradient":""},"mobile":{"background-color":"","background-image":"","background-repeat":"repeat","background-position":"center center","background-size":"auto","background-attachment":"scroll","background-type":"","background-media":"","overlay-type":"","overlay-color":"","overlay-opacity":"","overlay-gradient":""}},"ast-content-background-meta":{"desktop":{"background-color":"var(--ast-global-color-5)","background-image":"","background-repeat":"repeat","background-position":"center center","background-size":"auto","background-attachment":"scroll","background-type":"","background-media":"","overlay-type":"","overlay-color":"","overlay-opacity":"","overlay-gradient":""},"tablet":{"background-color":"var(--ast-global-color-5)","background-image":"","background-repeat":"repeat","background-position":"center center","background-size":"auto","background-attachment":"scroll","background-type":"","background-media":"","overlay-type":"","overlay-color":"","overlay-opacity":"","overlay-gradient":""},"mobile":{"background-color":"var(--ast-global-color-5)","background-image":"","background-repeat":"repeat","background-position":"center center","background-size":"auto","background-attachment":"scroll","background-type":"","background-media":"","overlay-type":"","overlay-color":"","overlay-opacity":"","overlay-gradient":""}},"footnotes":""},"categories":[1,6,16],"tags":[],"class_list":["post-5578","post","type-post","status-publish","format-standard","has-post-thumbnail","hentry","category-alle","category-schulleben","category-unterrrichtsgoenge"],"yoast_head":"<!-- This site is optimized with the Yoast SEO plugin v27.2 - https:\/\/yoast.com\/product\/yoast-seo-wordpress\/ -->\n<title>Im Zentrum der Macht - Grundschule Haus i. Wald<\/title>\n<meta name=\"robots\" content=\"index, follow, max-snippet:-1, max-image-preview:large, max-video-preview:-1\" \/>\n<link rel=\"canonical\" href=\"https:\/\/gs-gra.de\/grundschule-haus\/geschenk-fuer-erstklaessler-copy-copy-4-copy-copy-copy\/\" \/>\n<meta property=\"og:locale\" content=\"de_DE\" \/>\n<meta property=\"og:type\" content=\"article\" \/>\n<meta property=\"og:title\" content=\"Im Zentrum der Macht - Grundschule Haus i. Wald\" \/>\n<meta property=\"og:description\" content=\"Im Zentrum der Macht Die 4. Klasse war im Rahmen des HSU-Unterrichts zu Besuch im Rathaus Grafenau und lernte sehr viel Interessantes \u00fcber die vertretenen \u00c4mter und ihre Heimatstadt Grafenau. B\u00fcrgermeister Alexander Mayer nahm sich rund zwei Stunden f\u00fcr die Kinder Zeit und beantwortete neugierige Fragen gerne.\u00a0\" \/>\n<meta property=\"og:url\" content=\"https:\/\/gs-gra.de\/grundschule-haus\/geschenk-fuer-erstklaessler-copy-copy-4-copy-copy-copy\/\" \/>\n<meta property=\"og:site_name\" content=\"Grundschule Haus i. Wald\" \/>\n<meta property=\"article:published_time\" content=\"2026-01-13T23:00:26+00:00\" \/>\n<meta property=\"article:modified_time\" content=\"2026-01-15T12:16:36+00:00\" \/>\n<meta property=\"og:image\" content=\"https:\/\/gs-gra.de\/grundschule-haus\/wp-content\/uploads\/2026\/01\/WhatsApp-Image-2026-01-14-at-10.20.39-2.jpeg\" \/>\n\t<meta property=\"og:image:width\" content=\"1600\" \/>\n\t<meta property=\"og:image:height\" content=\"900\" \/>\n\t<meta property=\"og:image:type\" content=\"image\/jpeg\" \/>\n<meta name=\"author\" content=\"Lehrer\" \/>\n<meta name=\"twitter:card\" content=\"summary_large_image\" \/>\n<meta name=\"twitter:label1\" content=\"Verfasst von\" \/>\n\t<meta name=\"twitter:data1\" content=\"Lehrer\" \/>\n\t<meta name=\"twitter:label2\" content=\"Gesch\u00e4tzte Lesezeit\" \/>\n\t<meta name=\"twitter:data2\" content=\"1\u00a0Minute\" \/>\n<script type=\"application\/ld+json\" class=\"yoast-schema-graph\">{\"@context\":\"https:\/\/schema.org\",\"@graph\":[{\"@type\":\"Article\",\"@id\":\"https:\/\/gs-gra.de\/grundschule-haus\/geschenk-fuer-erstklaessler-copy-copy-4-copy-copy-copy\/#article\",\"isPartOf\":{\"@id\":\"https:\/\/gs-gra.de\/grundschule-haus\/geschenk-fuer-erstklaessler-copy-copy-4-copy-copy-copy\/\"},\"author\":{\"name\":\"Lehrer\",\"@id\":\"https:\/\/gs-gra.de\/grundschule-haus\/#\/schema\/person\/0256dd758521645054d63bedabf4f49d\"},\"headline\":\"Im Zentrum der Macht\",\"datePublished\":\"2026-01-13T23:00:26+00:00\",\"dateModified\":\"2026-01-15T12:16:36+00:00\",\"mainEntityOfPage\":{\"@id\":\"https:\/\/gs-gra.de\/grundschule-haus\/geschenk-fuer-erstklaessler-copy-copy-4-copy-copy-copy\/\"},\"wordCount\":52,\"publisher\":{\"@id\":\"https:\/\/gs-gra.de\/grundschule-haus\/#organization\"},\"image\":{\"@id\":\"https:\/\/gs-gra.de\/grundschule-haus\/geschenk-fuer-erstklaessler-copy-copy-4-copy-copy-copy\/#primaryimage\"},\"thumbnailUrl\":\"https:\/\/gs-gra.de\/grundschule-haus\/wp-content\/uploads\/2026\/01\/WhatsApp-Image-2026-01-14-at-10.20.39-2.jpeg\",\"articleSection\":[\"Alle\",\"Schulleben\",\"Unterrichtsg\u00e4nge\"],\"inLanguage\":\"de\"},{\"@type\":\"WebPage\",\"@id\":\"https:\/\/gs-gra.de\/grundschule-haus\/geschenk-fuer-erstklaessler-copy-copy-4-copy-copy-copy\/\",\"url\":\"https:\/\/gs-gra.de\/grundschule-haus\/geschenk-fuer-erstklaessler-copy-copy-4-copy-copy-copy\/\",\"name\":\"Im Zentrum der Macht - Grundschule Haus i. Wald\",\"isPartOf\":{\"@id\":\"https:\/\/gs-gra.de\/grundschule-haus\/#website\"},\"primaryImageOfPage\":{\"@id\":\"https:\/\/gs-gra.de\/grundschule-haus\/geschenk-fuer-erstklaessler-copy-copy-4-copy-copy-copy\/#primaryimage\"},\"image\":{\"@id\":\"https:\/\/gs-gra.de\/grundschule-haus\/geschenk-fuer-erstklaessler-copy-copy-4-copy-copy-copy\/#primaryimage\"},\"thumbnailUrl\":\"https:\/\/gs-gra.de\/grundschule-haus\/wp-content\/uploads\/2026\/01\/WhatsApp-Image-2026-01-14-at-10.20.39-2.jpeg\",\"datePublished\":\"2026-01-13T23:00:26+00:00\",\"dateModified\":\"2026-01-15T12:16:36+00:00\",\"breadcrumb\":{\"@id\":\"https:\/\/gs-gra.de\/grundschule-haus\/geschenk-fuer-erstklaessler-copy-copy-4-copy-copy-copy\/#breadcrumb\"},\"inLanguage\":\"de\",\"potentialAction\":[{\"@type\":\"ReadAction\",\"target\":[\"https:\/\/gs-gra.de\/grundschule-haus\/geschenk-fuer-erstklaessler-copy-copy-4-copy-copy-copy\/\"]}]},{\"@type\":\"ImageObject\",\"inLanguage\":\"de\",\"@id\":\"https:\/\/gs-gra.de\/grundschule-haus\/geschenk-fuer-erstklaessler-copy-copy-4-copy-copy-copy\/#primaryimage\",\"url\":\"https:\/\/gs-gra.de\/grundschule-haus\/wp-content\/uploads\/2026\/01\/WhatsApp-Image-2026-01-14-at-10.20.39-2.jpeg\",\"contentUrl\":\"https:\/\/gs-gra.de\/grundschule-haus\/wp-content\/uploads\/2026\/01\/WhatsApp-Image-2026-01-14-at-10.20.39-2.jpeg\",\"width\":1600,\"height\":900},{\"@type\":\"BreadcrumbList\",\"@id\":\"https:\/\/gs-gra.de\/grundschule-haus\/geschenk-fuer-erstklaessler-copy-copy-4-copy-copy-copy\/#breadcrumb\",\"itemListElement\":[{\"@type\":\"ListItem\",\"position\":1,\"name\":\"Startseite\",\"item\":\"https:\/\/gs-gra.de\/grundschule-haus\/\"},{\"@type\":\"ListItem\",\"position\":2,\"name\":\"Im Zentrum der Macht\"}]},{\"@type\":\"WebSite\",\"@id\":\"https:\/\/gs-gra.de\/grundschule-haus\/#website\",\"url\":\"https:\/\/gs-gra.de\/grundschule-haus\/\",\"name\":\"Grundschule Haus i. Wald\",\"description\":\"\",\"publisher\":{\"@id\":\"https:\/\/gs-gra.de\/grundschule-haus\/#organization\"},\"potentialAction\":[{\"@type\":\"SearchAction\",\"target\":{\"@type\":\"EntryPoint\",\"urlTemplate\":\"https:\/\/gs-gra.de\/grundschule-haus\/?s={search_term_string}\"},\"query-input\":{\"@type\":\"PropertyValueSpecification\",\"valueRequired\":true,\"valueName\":\"search_term_string\"}}],\"inLanguage\":\"de\"},{\"@type\":\"Organization\",\"@id\":\"https:\/\/gs-gra.de\/grundschule-haus\/#organization\",\"name\":\"Grundschule Haus i. Wald\",\"url\":\"https:\/\/gs-gra.de\/grundschule-haus\/\",\"logo\":{\"@type\":\"ImageObject\",\"inLanguage\":\"de\",\"@id\":\"https:\/\/gs-gra.de\/grundschule-haus\/#\/schema\/logo\/image\/\",\"url\":\"https:\/\/gs-gra.de\/grundschule-haus\/wp-content\/uploads\/2020\/09\/Grundschule_Haus-im-Wald_02.jpg\",\"contentUrl\":\"https:\/\/gs-gra.de\/grundschule-haus\/wp-content\/uploads\/2020\/09\/Grundschule_Haus-im-Wald_02.jpg\",\"width\":355,\"height\":49,\"caption\":\"Grundschule Haus i. Wald\"},\"image\":{\"@id\":\"https:\/\/gs-gra.de\/grundschule-haus\/#\/schema\/logo\/image\/\"}},{\"@type\":\"Person\",\"@id\":\"https:\/\/gs-gra.de\/grundschule-haus\/#\/schema\/person\/0256dd758521645054d63bedabf4f49d\",\"name\":\"Lehrer\",\"image\":{\"@type\":\"ImageObject\",\"inLanguage\":\"de\",\"@id\":\"https:\/\/secure.gravatar.com\/avatar\/308ad276be7d0af78bde2152d13bc6ab5c8319906ebeb2a5dfe01d51e285c744?s=96&d=mm&r=g\",\"url\":\"https:\/\/secure.gravatar.com\/avatar\/308ad276be7d0af78bde2152d13bc6ab5c8319906ebeb2a5dfe01d51e285c744?s=96&d=mm&r=g\",\"contentUrl\":\"https:\/\/secure.gravatar.com\/avatar\/308ad276be7d0af78bde2152d13bc6ab5c8319906ebeb2a5dfe01d51e285c744?s=96&d=mm&r=g\",\"caption\":\"Lehrer\"},\"url\":\"https:\/\/gs-gra.de\/grundschule-haus\/author\/lehrer\/\"}]}<\/script>\n<!-- \/ Yoast SEO plugin. -->","yoast_head_json":{"title":"Im Zentrum der Macht - Grundschule Haus i. Wald","robots":{"index":"index","follow":"follow","max-snippet":"max-snippet:-1","max-image-preview":"max-image-preview:large","max-video-preview":"max-video-preview:-1"},"canonical":"https:\/\/gs-gra.de\/grundschule-haus\/geschenk-fuer-erstklaessler-copy-copy-4-copy-copy-copy\/","og_locale":"de_DE","og_type":"article","og_title":"Im Zentrum der Macht - Grundschule Haus i. Wald","og_description":"Im Zentrum der Macht Die 4. Klasse war im Rahmen des HSU-Unterrichts zu Besuch im Rathaus Grafenau und lernte sehr viel Interessantes \u00fcber die vertretenen \u00c4mter und ihre Heimatstadt Grafenau. B\u00fcrgermeister Alexander Mayer nahm sich rund zwei Stunden f\u00fcr die Kinder Zeit und beantwortete neugierige Fragen gerne.\u00a0","og_url":"https:\/\/gs-gra.de\/grundschule-haus\/geschenk-fuer-erstklaessler-copy-copy-4-copy-copy-copy\/","og_site_name":"Grundschule Haus i. Wald","article_published_time":"2026-01-13T23:00:26+00:00","article_modified_time":"2026-01-15T12:16:36+00:00","og_image":[{"width":1600,"height":900,"url":"https:\/\/gs-gra.de\/grundschule-haus\/wp-content\/uploads\/2026\/01\/WhatsApp-Image-2026-01-14-at-10.20.39-2.jpeg","type":"image\/jpeg"}],"author":"Lehrer","twitter_card":"summary_large_image","twitter_misc":{"Verfasst von":"Lehrer","Gesch\u00e4tzte Lesezeit":"1\u00a0Minute"},"schema":{"@context":"https:\/\/schema.org","@graph":[{"@type":"Article","@id":"https:\/\/gs-gra.de\/grundschule-haus\/geschenk-fuer-erstklaessler-copy-copy-4-copy-copy-copy\/#article","isPartOf":{"@id":"https:\/\/gs-gra.de\/grundschule-haus\/geschenk-fuer-erstklaessler-copy-copy-4-copy-copy-copy\/"},"author":{"name":"Lehrer","@id":"https:\/\/gs-gra.de\/grundschule-haus\/#\/schema\/person\/0256dd758521645054d63bedabf4f49d"},"headline":"Im Zentrum der Macht","datePublished":"2026-01-13T23:00:26+00:00","dateModified":"2026-01-15T12:16:36+00:00","mainEntityOfPage":{"@id":"https:\/\/gs-gra.de\/grundschule-haus\/geschenk-fuer-erstklaessler-copy-copy-4-copy-copy-copy\/"},"wordCount":52,"publisher":{"@id":"https:\/\/gs-gra.de\/grundschule-haus\/#organization"},"image":{"@id":"https:\/\/gs-gra.de\/grundschule-haus\/geschenk-fuer-erstklaessler-copy-copy-4-copy-copy-copy\/#primaryimage"},"thumbnailUrl":"https:\/\/gs-gra.de\/grundschule-haus\/wp-content\/uploads\/2026\/01\/WhatsApp-Image-2026-01-14-at-10.20.39-2.jpeg","articleSection":["Alle","Schulleben","Unterrichtsg\u00e4nge"],"inLanguage":"de"},{"@type":"WebPage","@id":"https:\/\/gs-gra.de\/grundschule-haus\/geschenk-fuer-erstklaessler-copy-copy-4-copy-copy-copy\/","url":"https:\/\/gs-gra.de\/grundschule-haus\/geschenk-fuer-erstklaessler-copy-copy-4-copy-copy-copy\/","name":"Im Zentrum der Macht - Grundschule Haus i. Wald","isPartOf":{"@id":"https:\/\/gs-gra.de\/grundschule-haus\/#website"},"primaryImageOfPage":{"@id":"https:\/\/gs-gra.de\/grundschule-haus\/geschenk-fuer-erstklaessler-copy-copy-4-copy-copy-copy\/#primaryimage"},"image":{"@id":"https:\/\/gs-gra.de\/grundschule-haus\/geschenk-fuer-erstklaessler-copy-copy-4-copy-copy-copy\/#primaryimage"},"thumbnailUrl":"https:\/\/gs-gra.de\/grundschule-haus\/wp-content\/uploads\/2026\/01\/WhatsApp-Image-2026-01-14-at-10.20.39-2.jpeg","datePublished":"2026-01-13T23:00:26+00:00","dateModified":"2026-01-15T12:16:36+00:00","breadcrumb":{"@id":"https:\/\/gs-gra.de\/grundschule-haus\/geschenk-fuer-erstklaessler-copy-copy-4-copy-copy-copy\/#breadcrumb"},"inLanguage":"de","potentialAction":[{"@type":"ReadAction","target":["https:\/\/gs-gra.de\/grundschule-haus\/geschenk-fuer-erstklaessler-copy-copy-4-copy-copy-copy\/"]}]},{"@type":"ImageObject","inLanguage":"de","@id":"https:\/\/gs-gra.de\/grundschule-haus\/geschenk-fuer-erstklaessler-copy-copy-4-copy-copy-copy\/#primaryimage","url":"https:\/\/gs-gra.de\/grundschule-haus\/wp-content\/uploads\/2026\/01\/WhatsApp-Image-2026-01-14-at-10.20.39-2.jpeg","contentUrl":"https:\/\/gs-gra.de\/grundschule-haus\/wp-content\/uploads\/2026\/01\/WhatsApp-Image-2026-01-14-at-10.20.39-2.jpeg","width":1600,"height":900},{"@type":"BreadcrumbList","@id":"https:\/\/gs-gra.de\/grundschule-haus\/geschenk-fuer-erstklaessler-copy-copy-4-copy-copy-copy\/#breadcrumb","itemListElement":[{"@type":"ListItem","position":1,"name":"Startseite","item":"https:\/\/gs-gra.de\/grundschule-haus\/"},{"@type":"ListItem","position":2,"name":"Im Zentrum der Macht"}]},{"@type":"WebSite","@id":"https:\/\/gs-gra.de\/grundschule-haus\/#website","url":"https:\/\/gs-gra.de\/grundschule-haus\/","name":"Grundschule Haus i. Wald","description":"","publisher":{"@id":"https:\/\/gs-gra.de\/grundschule-haus\/#organization"},"potentialAction":[{"@type":"SearchAction","target":{"@type":"EntryPoint","urlTemplate":"https:\/\/gs-gra.de\/grundschule-haus\/?s={search_term_string}"},"query-input":{"@type":"PropertyValueSpecification","valueRequired":true,"valueName":"search_term_string"}}],"inLanguage":"de"},{"@type":"Organization","@id":"https:\/\/gs-gra.de\/grundschule-haus\/#organization","name":"Grundschule Haus i. Wald","url":"https:\/\/gs-gra.de\/grundschule-haus\/","logo":{"@type":"ImageObject","inLanguage":"de","@id":"https:\/\/gs-gra.de\/grundschule-haus\/#\/schema\/logo\/image\/","url":"https:\/\/gs-gra.de\/grundschule-haus\/wp-content\/uploads\/2020\/09\/Grundschule_Haus-im-Wald_02.jpg","contentUrl":"https:\/\/gs-gra.de\/grundschule-haus\/wp-content\/uploads\/2020\/09\/Grundschule_Haus-im-Wald_02.jpg","width":355,"height":49,"caption":"Grundschule Haus i. Wald"},"image":{"@id":"https:\/\/gs-gra.de\/grundschule-haus\/#\/schema\/logo\/image\/"}},{"@type":"Person","@id":"https:\/\/gs-gra.de\/grundschule-haus\/#\/schema\/person\/0256dd758521645054d63bedabf4f49d","name":"Lehrer","image":{"@type":"ImageObject","inLanguage":"de","@id":"https:\/\/secure.gravatar.com\/avatar\/308ad276be7d0af78bde2152d13bc6ab5c8319906ebeb2a5dfe01d51e285c744?s=96&d=mm&r=g","url":"https:\/\/secure.gravatar.com\/avatar\/308ad276be7d0af78bde2152d13bc6ab5c8319906ebeb2a5dfe01d51e285c744?s=96&d=mm&r=g","contentUrl":"https:\/\/secure.gravatar.com\/avatar\/308ad276be7d0af78bde2152d13bc6ab5c8319906ebeb2a5dfe01d51e285c744?s=96&d=mm&r=g","caption":"Lehrer"},"url":"https:\/\/gs-gra.de\/grundschule-haus\/author\/lehrer\/"}]}},"_links":{"self":[{"href":"https:\/\/gs-gra.de\/grundschule-haus\/wp-json\/wp\/v2\/posts\/5578","targetHints":{"allow":["GET"]}}],"collection":[{"href":"https:\/\/gs-gra.de\/grundschule-haus\/wp-json\/wp\/v2\/posts"}],"about":[{"href":"https:\/\/gs-gra.de\/grundschule-haus\/wp-json\/wp\/v2\/types\/post"}],"author":[{"embeddable":true,"href":"https:\/\/gs-gra.de\/grundschule-haus\/wp-json\/wp\/v2\/users\/2"}],"replies":[{"embeddable":true,"href":"https:\/\/gs-gra.de\/grundschule-haus\/wp-json\/wp\/v2\/comments?post=5578"}],"version-history":[{"count":4,"href":"https:\/\/gs-gra.de\/grundschule-haus\/wp-json\/wp\/v2\/posts\/5578\/revisions"}],"predecessor-version":[{"id":5588,"href":"https:\/\/gs-gra.de\/grundschule-haus\/wp-json\/wp\/v2\/posts\/5578\/revisions\/5588"}],"wp:featuredmedia":[{"embeddable":true,"href":"https:\/\/gs-gra.de\/grundschule-haus\/wp-json\/wp\/v2\/media\/5581"}],"wp:attachment":[{"href":"https:\/\/gs-gra.de\/grundschule-haus\/wp-json\/wp\/v2\/media?parent=5578"}],"wp:term":[{"taxonomy":"category","embeddable":true,"href":"https:\/\/gs-gra.de\/grundschule-haus\/wp-json\/wp\/v2\/categories?post=5578"},{"taxonomy":"post_tag","embeddable":true,"href":"https:\/\/gs-gra.de\/grundschule-haus\/wp-json\/wp\/v2\/tags?post=5578"}],"curies":[{"name":"wp","href":"https:\/\/api.w.org\/{rel}","templated":true}]}}